{"id":1739,"date":"2014-06-12T09:12:59","date_gmt":"2014-06-12T09:12:59","guid":{"rendered":"https:\/\/www.fabricoproprio.net\/nesta-data-querida\/"},"modified":"2014-06-12T09:12:59","modified_gmt":"2014-06-12T09:12:59","slug":"nesta-data-querida","status":"publish","type":"post","link":"https:\/\/www.fabricoproprio.net\/en\/nesta-data-querida\/","title":{"rendered":"Nesta Data Querida"},"content":{"rendered":"<p>Em Portugal n\u00e3o se cantam os parab\u00e9ns sem um bom bolo. Entre feitos em casa e comprados fora temos muito por onde escolher: das receitas simples de fam\u00edlia ao cl\u00e1ssico P\u00e3o de L\u00f3 coberto com doce de ovos, de mais ou menos ambiciosos Mil-Folhas, S\u00e3o Marcos e Paris-Brest aos saudosos campos de futebol com bonecos de pl\u00e1stico para brincar ou jardins com flores de a\u00e7\u00facar para trincar.<\/p>\n<p>Ao longo dos mais de 8 anos de pesquisa do projecto Fabrico Pr\u00f3prio descobrimos que a par das constru\u00e7\u00f5es de a\u00e7\u00facar e chocolate, os bolos de anivers\u00e1rio e casamento representam o auge da carreira de um profissional da pastelaria. S\u00e3o os bolos que ganham pr\u00e9mios, que enchem o olho, que v\u00e3o para a montra. Mas estes bolos n\u00e3o s\u00e3o o ganha-p\u00e3o dos pasteleiros. S\u00e3o outros, mais pequenos e discretos, mas n\u00e3o menos frescos e criativos, que garantem o seu sustento. E tamb\u00e9m a nossa gastronomia, economia e cultura.<\/p>\n<p>Como inovar, repensar e recriar hoje os bolos n\u00e3o de todos os dias, mas aqueles a que somamos um sopro, uma salva de palmas e mais um ano das nossas vidas? N\u00e3o nos convencem essas falsas promessas da tecnologia que s\u00e3o os retratos de aniversariantes e seus her\u00f3is impressos em bolos logo esquartejados em fatias ricas em calorias, mas pobres em significado. Nem modas como o \u201ccake design\u201d, termo que para n\u00f3s, designers, pouco mais designa que constru\u00e7\u00f5es sem ess\u00eancia numa subst\u00e2ncia que tudo cobre, pouco se come e nada acrescenta.<\/p>\n<p>Interessa-nos revelar como \u00e9 que o design, que t\u00e3o erradamente \u00e9 visto como apenas o acto de p\u00f4r a cereja no topo do bolo, pode contribuir para que estes produtos possam ser mais bem pensados, projectados, produzidos e desfrutados. Temos vindo a trabalhar com o mestre Paulo Santos em novos bolos de fabrico pr\u00f3prio, que desejamos possam em breve fazer parte do quotidiano de todos.<\/p>\n<p>Um deles \u00e9 a Espetada, um bolo que introduz novas formas de pensar, comer e partilhar sabores, ingredientes e ideias de pastelaria. Foi com o mestre Paulo Santos que no ano passado prepar\u00e1mos pela primeira vez, no seu Forno do Beco nas Caldas da Rainha, o bolo com o qual festej\u00e1mos o 105\u00ba anivers\u00e1rio de Maria Helena Vieira da Silva. Regressamos este ano com a mesma ideia, mas com um bolo diferente: 240 espetadas, cada uma com tr\u00eas cubos de \u201cquatre quart\u201d de laranja, alfarroba e agri\u00e3o, unidos com uma ganache de chocolate.<\/p>\n<p><strong>Juntem-se a n\u00f3s \u00e0s 17h deste dia, tamb\u00e9m de Santo Ant\u00f3nio!<\/strong><\/p>\n<p>Toda a programa\u00e7\u00e3o desta festa de\u00a0anivers\u00e1rio est\u00e1 dispon\u00edvel no site da\u00a0<a href=\"http:\/\/fasvs.pt\/\" target=\"_blank\" rel=\"noopener noreferrer\">Funda\u00e7\u00e3o Arpad Szenes-Vieira da Silva<\/a>.<\/p>\n<p>Evento facebook\u00a0<a href=\"https:\/\/www.facebook.com\/events\/464636373679975%C2%A0\" target=\"_blank\" rel=\"noopener noreferrer\">aqui<\/a><\/p>\n","protected":false},"excerpt":{"rendered":"<p>Em Portugal n\u00e3o se cantam os parab\u00e9ns sem um bom bolo. Entre feitos em casa e comprados fora temos muito por onde escolher: das receitas simples de fam\u00edlia ao cl\u00e1ssico P\u00e3o de L\u00f3 coberto com doce de ovos, de mais [&hellip;]<\/p>\n","protected":false},"author":4,"featured_media":1420,"comment_status":"closed","ping_status":"closed","sticky":false,"template":"","format":"standard","meta":{"_acf_changed":false,"footnotes":""},"categories":[1],"tags":[],"class_list":["post-1739","post","type-post","status-publish","format-standard","has-post-thumbnail","hentry","category-uncategorised"],"acf":[],"_links":{"self":[{"href":"https:\/\/www.fabricoproprio.net\/en\/wp-json\/wp\/v2\/posts\/1739","targetHints":{"allow":["GET"]}}],"collection":[{"href":"https:\/\/www.fabricoproprio.net\/en\/wp-json\/wp\/v2\/posts"}],"about":[{"href":"https:\/\/www.fabricoproprio.net\/en\/wp-json\/wp\/v2\/types\/post"}],"author":[{"embeddable":true,"href":"https:\/\/www.fabricoproprio.net\/en\/wp-json\/wp\/v2\/users\/4"}],"replies":[{"embeddable":true,"href":"https:\/\/www.fabricoproprio.net\/en\/wp-json\/wp\/v2\/comments?post=1739"}],"version-history":[{"count":0,"href":"https:\/\/www.fabricoproprio.net\/en\/wp-json\/wp\/v2\/posts\/1739\/revisions"}],"wp:featuredmedia":[{"embeddable":true,"href":"https:\/\/www.fabricoproprio.net\/en\/wp-json\/wp\/v2\/media\/1420"}],"wp:attachment":[{"href":"https:\/\/www.fabricoproprio.net\/en\/wp-json\/wp\/v2\/media?parent=1739"}],"wp:term":[{"taxonomy":"category","embeddable":true,"href":"https:\/\/www.fabricoproprio.net\/en\/wp-json\/wp\/v2\/categories?post=1739"},{"taxonomy":"post_tag","embeddable":true,"href":"https:\/\/www.fabricoproprio.net\/en\/wp-json\/wp\/v2\/tags?post=1739"}],"curies":[{"name":"wp","href":"https:\/\/api.w.org\/{rel}","templated":true}]}}