{"id":1723,"date":"2013-08-10T09:03:26","date_gmt":"2013-08-10T09:03:26","guid":{"rendered":"https:\/\/www.fabricoproprio.net\/sp-design-weekend\/"},"modified":"2022-12-31T12:12:57","modified_gmt":"2022-12-31T12:12:57","slug":"sp-design-weekend","status":"publish","type":"post","link":"https:\/\/www.fabricoproprio.net\/en\/sp-design-weekend\/","title":{"rendered":"SP Design Weekend"},"content":{"rendered":"<p>Ap\u00f3s o lan\u00e7amento do livro\u00a0<a href=\"http:\/\/www.fabricoproprio.net\/2013\/04\/sao-paulo-03-05-2013\/\">em Maio de 2013,<\/a>\u00a0o Fabrico Pr\u00f3prio regressa a S\u00e3o Paulo em Agosto!<\/p>\n<p>Dia 17, S\u00e1bado, o Frederico vai representar a\u00a0equipa Fabrico Pr\u00f3prio\u00a0na sess\u00e3o tem\u00e1tica Food Design do ciclo de palestras Caf\u00e9 com Design da Tok&amp;Stok.<\/p>\n<p><strong>Inscrevam-se, apare\u00e7am!\u00a0Mais detalhes\u00a0<a href=\"http:\/\/www.tokstok.com.br\/vitrine\/default.jsf?idPagina=2425&amp;utm_source=email_02&amp;utm_medium=link&amp;utm_campaign=design_weekend\" target=\"_blank\" rel=\"noopener noreferrer\">aqui<\/a>.<\/strong><\/p>\n<p>Entretanto lembramos que em S\u00e3o Paulo a 2\u00aa edi\u00e7\u00e3o do Fabrico Pr\u00f3prio est\u00e1 \u00e0 venda\u00a0<a href=\"http:\/\/www.fabricoproprio.net\/2012\/12\/sao-paulo\/\">aqui<\/a>. E no Rio de Janeiro\u00a0<a href=\"http:\/\/www.fabricoproprio.net\/2013\/08\/rio-de-janeiro\/\" target=\"_blank\" rel=\"noopener noreferrer\">aqui<\/a>.<\/p>\n","protected":false},"excerpt":{"rendered":"<p>Ap\u00f3s o lan\u00e7amento do livro\u00a0em Maio de 2013,\u00a0o Fabrico Pr\u00f3prio regressa a S\u00e3o Paulo em Agosto! Dia 17, S\u00e1bado, o Frederico vai representar a\u00a0equipa Fabrico Pr\u00f3prio\u00a0na sess\u00e3o tem\u00e1tica Food Design do ciclo de palestras Caf\u00e9 com Design da Tok&amp;Stok. Inscrevam-se, [&hellip;]<\/p>\n","protected":false},"author":4,"featured_media":1721,"comment_status":"closed","ping_status":"closed","sticky":false,"template":"","format":"standard","meta":{"_acf_changed":false,"footnotes":""},"categories":[32,37],"tags":[],"class_list":["post-1723","post","type-post","status-publish","format-standard","has-post-thumbnail","hentry","category-book","category-exhibition"],"acf":[],"_links":{"self":[{"href":"https:\/\/www.fabricoproprio.net\/en\/wp-json\/wp\/v2\/posts\/1723","targetHints":{"allow":["GET"]}}],"collection":[{"href":"https:\/\/www.fabricoproprio.net\/en\/wp-json\/wp\/v2\/posts"}],"about":[{"href":"https:\/\/www.fabricoproprio.net\/en\/wp-json\/wp\/v2\/types\/post"}],"author":[{"embeddable":true,"href":"https:\/\/www.fabricoproprio.net\/en\/wp-json\/wp\/v2\/users\/4"}],"replies":[{"embeddable":true,"href":"https:\/\/www.fabricoproprio.net\/en\/wp-json\/wp\/v2\/comments?post=1723"}],"version-history":[{"count":1,"href":"https:\/\/www.fabricoproprio.net\/en\/wp-json\/wp\/v2\/posts\/1723\/revisions"}],"predecessor-version":[{"id":2382,"href":"https:\/\/www.fabricoproprio.net\/en\/wp-json\/wp\/v2\/posts\/1723\/revisions\/2382"}],"wp:featuredmedia":[{"embeddable":true,"href":"https:\/\/www.fabricoproprio.net\/en\/wp-json\/wp\/v2\/media\/1721"}],"wp:attachment":[{"href":"https:\/\/www.fabricoproprio.net\/en\/wp-json\/wp\/v2\/media?parent=1723"}],"wp:term":[{"taxonomy":"category","embeddable":true,"href":"https:\/\/www.fabricoproprio.net\/en\/wp-json\/wp\/v2\/categories?post=1723"},{"taxonomy":"post_tag","embeddable":true,"href":"https:\/\/www.fabricoproprio.net\/en\/wp-json\/wp\/v2\/tags?post=1723"}],"curies":[{"name":"wp","href":"https:\/\/api.w.org\/{rel}","templated":true}]}}